{"id":17810,"date":"2023-09-28T21:34:37","date_gmt":"2023-09-29T01:34:37","guid":{"rendered":"http:\/\/www.splendoroftruth.com\/curtjester\/?p=17810"},"modified":"2023-09-28T21:34:38","modified_gmt":"2023-09-29T01:34:38","slug":"the-weekly-francis-volume-478","status":"publish","type":"post","link":"https:\/\/www.splendoroftruth.com\/curtjester\/2023\/09\/the-weekly-francis-volume-478\/","title":{"rendered":"The Weekly Francis &#8211; Volume 478"},"content":{"rendered":"\n<p><\/p>\n\n\n<div class=\"wp-block-image\">\n<figure class=\"alignright\"><a href=\"http:\/\/www.splendoroftruth.com\/curtjester\/wp-content\/uploads\/2013\/07\/pope-francis2-300x187.jpg\" data-rel=\"penci-gallery-image-content\" ><img loading=\"lazy\" decoding=\"async\" width=\"300\" height=\"187\" src=\"http:\/\/www.splendoroftruth.com\/curtjester\/wp-content\/uploads\/2013\/07\/pope-francis2-300x187.jpg\" alt=\"pope-francis2-300x187\" class=\"wp-image-14281\"\/><\/a><\/figure>\n<\/div>\n\n\n<p>The Weekly Francis is a compilation of the Holy Father\u2019s writings, speeches, etc., which I also cross-post on <a href=\"http:\/\/jimmyakin.com\/category\/popefrancis\">Jimmy Akin\u2019s blog<\/a>.<\/p>\n\n\n\n<p>This version of The Weekly Francis covers material released in the last week, from 24 August 2023 to 27 September 2023.<\/p>\n\n\n\n<p>Angelus<\/p>\n\n\n\n<ul class=\"wp-block-list\"><li><a href=\"http:\/\/w2.vatican.va\/content\/francesco\/en\/angelus\/2023\/documents\/20230917-angelus.html\">17 September 2023 &#8211; Angelus<\/a><\/li><li><a href=\"http:\/\/w2.vatican.va\/content\/francesco\/en\/angelus\/2023\/documents\/20230924-angelus.html\">24 September 2023 &#8211; Angelus<\/a><\/li><\/ul>\n\n\n\n<p>General Audiences<\/p>\n\n\n\n<ul class=\"wp-block-list\"><li><a href=\"http:\/\/w2.vatican.va\/content\/francesco\/en\/audiences\/2023\/documents\/20230920-udienza-generale.html\">20 September 2023 &#8211; General Audience &#8211; Catechesis. The passion for evangelization\u2019 the apostolic zeal of the believer.&nbsp;21. Saint Daniel Comboni, apostole for Africa and a prophet of mission<\/a><\/li><li><a href=\"http:\/\/w2.vatican.va\/content\/francesco\/en\/audiences\/2023\/documents\/20230927-udienza-generale.html\">27 September 2023 &#8211; General Audience &#8211; The Apostolic Journey to Marseille for the \u2018Rencontres M\u00e9diterran\u00e9ennes\u2019<\/a><\/li><\/ul>\n\n\n\n<p>Homilies<\/p>\n\n\n\n<ul class=\"wp-block-list\"><li><a href=\"http:\/\/w2.vatican.va\/content\/francesco\/en\/homilies\/2023\/documents\/20230923-marsiglia-omelia-messa.html\">23 September 2023 &#8211; Apostolic Journey to Marseille\u2019 Holy Mass at the \u2018V\u00e9lodrome Stadium\u2019<\/a><\/li><\/ul>\n\n\n\n<p>Messages<\/p>\n\n\n\n<ul class=\"wp-block-list\"><li><a href=\"http:\/\/w2.vatican.va\/content\/francesco\/en\/messages\/pont-messages\/2023\/documents\/20230824-messaggio-simposio-pannonhalma.html\">24 August 2023 &#8211; Message of the Holy Father to the participants in the Ecumenical Symposium in Pannonhalma Abbey, Hungary<\/a><\/li><li><a href=\"http:\/\/w2.vatican.va\/content\/francesco\/en\/messages\/pont-messages\/2023\/documents\/20230912-messaggio-60annipaceminterris.html\">12 September 2023 &#8211; Message of the Holy Father to Cardinal Peter K.A. Turkson on the occasion of the Conference on Pacem in Terris, organized by the Academy of Social Sciences [19\u201320 September 2023]<\/a><\/li><\/ul>\n\n\n\n<p>Speeches<\/p>\n\n\n\n<ul class=\"wp-block-list\"><li><a href=\"http:\/\/w2.vatican.va\/content\/francesco\/en\/speeches\/2023\/september\/documents\/20230915-congresso-oblati-benedettini.html\">15 September 2023 &#8211; To the Participants in the Fifth World Congress of Benedictine Oblates<\/a><\/li><li><a href=\"http:\/\/w2.vatican.va\/content\/francesco\/en\/speeches\/2023\/september\/documents\/20230916-christmas-contest.html\">16 September 2023 &#8211; To the Participants in the \u2018Christmas Contest\u2019<\/a><\/li><li><a href=\"http:\/\/w2.vatican.va\/content\/francesco\/en\/speeches\/2023\/september\/documents\/20230916-pellegrini-corea.html\">16 September 2023 &#8211; To the pilgrims from Korea<\/a><\/li><li><a href=\"http:\/\/w2.vatican.va\/content\/francesco\/en\/speeches\/2023\/september\/documents\/20230916-arma-carabinieri.html\">16 September 2023 &#8211; To the members of the Carabinieri Corps<\/a><\/li><li><a href=\"http:\/\/w2.vatican.va\/content\/francesco\/en\/speeches\/2023\/september\/documents\/20230918-dipendenti-farmacia-vaticana.html\">18 September 2023 &#8211; Audience with employees of the Vatican Pharmacy, on the occasion of the 150th anniversary of its founding<\/a><\/li><li><a href=\"http:\/\/w2.vatican.va\/content\/francesco\/en\/speeches\/2023\/september\/documents\/20230918-clinton-global-initiative.html\">18 September 2023 &#8211; Address of the Holy Father Francis at the \u2018Clinton Global Initiative 2023\u2019 [New York, 18\u201319 September 2023]<\/a><\/li><li><a href=\"http:\/\/w2.vatican.va\/content\/francesco\/en\/speeches\/2023\/september\/documents\/20230918-rogazionisti-suore-divino-zelo.html\">18 September 2023 &#8211; To participants in the meetings organized by the Rogationists of the Heart of Jesus and the Daughters of Divine Zeal<\/a><\/li><li><a href=\"http:\/\/w2.vatican.va\/content\/francesco\/en\/speeches\/2023\/september\/documents\/20230922-marsiglia-voloandata.html\">22 September 2023 &#8211; Apostolic Journey to Marseille\u2019 Greeting to journalists on the flight to Marseille<\/a><\/li><li><a href=\"http:\/\/w2.vatican.va\/content\/francesco\/en\/speeches\/2023\/september\/documents\/20230922-marsiglia-preghieramariana.html\">22 September 2023 &#8211; Apostolic Journey to Marseille\u2019 Marian Prayer with the Diocesan Clergy in the Basilica of \u2018Notre Dame de la Garde\u2019<\/a><\/li><li><a href=\"http:\/\/w2.vatican.va\/content\/francesco\/en\/speeches\/2023\/september\/documents\/20230922-marsiglia-leaderreligiosi.html\">22 September 2023 &#8211; Apostolic Journey to Marseille\u2019 Moment of Reflection with Religious Leaders near the Memorial dedicated to sailors and migrants lost at sea<\/a><\/li><li><a href=\"http:\/\/w2.vatican.va\/content\/francesco\/en\/speeches\/2023\/september\/documents\/20230923-marsiglia-rencontres-mediterraneennes.html\">23 September 2023 &#8211; Apostolic Journey to Marseille\u2019 Final Session of the \u2018Rencontres M\u00e9diterran\u00e9ennes\u2019 at the \u2018Palais du Pharo\u2019<\/a><\/li><li><a href=\"http:\/\/w2.vatican.va\/content\/francesco\/en\/speeches\/2023\/september\/documents\/20230923-marsiglia-voloritorno.html\">23 September 2023 &#8211; Apostolic Journey to Marseille\u2019 Press Conference on the return flight to Rome<\/a><\/li><li><a href=\"http:\/\/w2.vatican.va\/content\/francesco\/en\/speeches\/2023\/september\/documents\/20230925-protezioneminori.html\">25 September 2023 &#8211; To the Delegation of the \u2018Consejo Latinoamericano del Centro de Investigaci\u00f3n y Formaci\u00f3n para la Protecci\u00f3n del Menor\u2019 (Ceprome)<\/a><\/li><\/ul>\n\n\n\n<p>Papal Instagram<\/p>\n\n\n\n<ul class=\"wp-block-list\"><li><a href=\"https:\/\/www.instagram.com\/franciscus\/\">Franciscus<\/a><\/li><\/ul>\n","protected":false},"excerpt":{"rendered":"<p>The Weekly Francis is a compilation of the Holy Father\u2019s writings, speeches, etc., which I also cross-post on Jimmy Akin\u2019s blog. This version of The Weekly Francis covers material released&hellip;<\/p>\n","protected":false},"author":1,"featured_media":0,"comment_status":"open","ping_status":"open","sticky":false,"template":"","format":"standard","meta":{"footnotes":""},"categories":[48],"tags":[],"class_list":["post-17810","post","type-post","status-publish","format-standard","hentry","category-the-weekly-francis"],"_links":{"self":[{"href":"https:\/\/www.splendoroftruth.com\/curtjester\/wp-json\/wp\/v2\/posts\/17810","targetHints":{"allow":["GET"]}}],"collection":[{"href":"https:\/\/www.splendoroftruth.com\/curtjester\/wp-json\/wp\/v2\/posts"}],"about":[{"href":"https:\/\/www.splendoroftruth.com\/curtjester\/wp-json\/wp\/v2\/types\/post"}],"author":[{"embeddable":true,"href":"https:\/\/www.splendoroftruth.com\/curtjester\/wp-json\/wp\/v2\/users\/1"}],"replies":[{"embeddable":true,"href":"https:\/\/www.splendoroftruth.com\/curtjester\/wp-json\/wp\/v2\/comments?post=17810"}],"version-history":[{"count":1,"href":"https:\/\/www.splendoroftruth.com\/curtjester\/wp-json\/wp\/v2\/posts\/17810\/revisions"}],"predecessor-version":[{"id":17811,"href":"https:\/\/www.splendoroftruth.com\/curtjester\/wp-json\/wp\/v2\/posts\/17810\/revisions\/17811"}],"wp:attachment":[{"href":"https:\/\/www.splendoroftruth.com\/curtjester\/wp-json\/wp\/v2\/media?parent=17810"}],"wp:term":[{"taxonomy":"category","embeddable":true,"href":"https:\/\/www.splendoroftruth.com\/curtjester\/wp-json\/wp\/v2\/categories?post=17810"},{"taxonomy":"post_tag","embeddable":true,"href":"https:\/\/www.splendoroftruth.com\/curtjester\/wp-json\/wp\/v2\/tags?post=17810"}],"curies":[{"name":"wp","href":"https:\/\/api.w.org\/{rel}","templated":true}]}}